{"id":1323,"date":"2021-06-21T23:47:02","date_gmt":"2021-06-21T21:47:02","guid":{"rendered":"http:\/\/media-liquid.de\/?p=1323"},"modified":"2025-10-14T16:14:37","modified_gmt":"2025-10-14T14:14:37","slug":"stellwerkfreunde-zweckel-e-v-in-gruendung","status":"publish","type":"post","link":"http:\/\/media-liquid.de\/?p=1323","title":{"rendered":"Stellwerkfreunde Zweckel e.V."},"content":{"rendered":"\n<ol class=\"wp-block-list\">\n<li>Vorsitzender<\/li>\n<\/ol>\n\n\n\n<p>Bereits 1911 ging es in Betrieb. 2018 wurde es nach dem Anschlu\u00df an das elektronische Stellwerk Coesfeld geschlossen. Ber\u00fchmt wurde es als&nbsp;<em>sch\u00f6nstes Stellwerk Deutschlands<\/em>&nbsp;durch die pr\u00e4chtige Blumengestalltung eines Fahrdienstleiters. Als eingetragenes Denkmal soll es nun erhalten und zug\u00e4nglich gemacht werden. Dazu wurde der Verein gegr\u00fcndet.<\/p>\n\n\n\n<p><a rel=\"noreferrer noopener\" href=\"http:\/\/stellwerkfreunde.de\" target=\"_blank\">Homepage des Vereins<\/a><\/p>\n\n\n\n<p>2022 erhielten wir f\u00fcr unser Engagement den Heimatpreis der Stadt Gladbeck und freuen uns \u00fcber die weiter Unterst\u00fctzung der Stadt sowie zahlreichen Spendern f\u00fcr unser erfolgreiches Crowdfunding zum Kauf des Geb\u00e4udes, vermutlich im Sommer 2022.<\/p>\n\n\n\n<figure class=\"wp-block-gallery has-nested-images columns-default is-cropped wp-block-gallery-1 is-layout-flex wp-block-gallery-is-layout-flex\">\n<figure class=\"wp-block-image size-large\"><a href=\"https:\/\/media-liquid.de\/wp-content\/uploads\/2022\/03\/Heimat-Preis_1A7A0020.jpg\" rel=\"lightbox[1323]\"><img loading=\"lazy\" decoding=\"async\" width=\"1024\" height=\"621\" data-id=\"1428\" src=\"https:\/\/media-liquid.de\/wp-content\/uploads\/2022\/03\/Heimat-Preis_1A7A0020-1024x621.jpg\" alt=\"\" class=\"wp-image-1428\" srcset=\"http:\/\/media-liquid.de\/wp-content\/uploads\/2022\/03\/Heimat-Preis_1A7A0020-1024x621.jpg 1024w, http:\/\/media-liquid.de\/wp-content\/uploads\/2022\/03\/Heimat-Preis_1A7A0020-300x182.jpg 300w, http:\/\/media-liquid.de\/wp-content\/uploads\/2022\/03\/Heimat-Preis_1A7A0020-768x466.jpg 768w, http:\/\/media-liquid.de\/wp-content\/uploads\/2022\/03\/Heimat-Preis_1A7A0020-1536x931.jpg 1536w, http:\/\/media-liquid.de\/wp-content\/uploads\/2022\/03\/Heimat-Preis_1A7A0020.jpg 1864w\" sizes=\"auto, (max-width: 1024px) 100vw, 1024px\" \/><\/a><\/figure>\n<figcaption class=\"blocks-gallery-caption wp-element-caption\">v.r.n.l.: Christoph Wiechers &amp; Denis Bury (Vorst\u00e4nde der Stellwerkfreunde), Bettina Weist (B\u00fcrgermeisterin der Stadt Gladbeck), Lisa &amp; Darius Engeneer (Gladbeck ist laut). Foto: Stadt Gladbeck.<\/figcaption><\/figure>\n","protected":false},"excerpt":{"rendered":"<p>Bereits 1911 ging es in Betrieb. 2018 wurde es nach dem Anschlu\u00df an das elektronische Stellwerk Coesfeld geschlossen. Ber\u00fchmt wurde es als&nbsp;sch\u00f6nstes Stellwerk Deutschlands&nbsp;durch die<\/p>\n","protected":false},"author":1,"featured_media":1642,"comment_status":"closed","ping_status":"closed","sticky":false,"template":"","format":"standard","meta":{"footnotes":""},"categories":[1],"tags":[],"class_list":["post-1323","post","type-post","status-publish","format-standard","has-post-thumbnail","hentry","category-allgemein"],"_links":{"self":[{"href":"http:\/\/media-liquid.de\/index.php?rest_route=\/wp\/v2\/posts\/1323","targetHints":{"allow":["GET"]}}],"collection":[{"href":"http:\/\/media-liquid.de\/index.php?rest_route=\/wp\/v2\/posts"}],"about":[{"href":"http:\/\/media-liquid.de\/index.php?rest_route=\/wp\/v2\/types\/post"}],"author":[{"embeddable":true,"href":"http:\/\/media-liquid.de\/index.php?rest_route=\/wp\/v2\/users\/1"}],"replies":[{"embeddable":true,"href":"http:\/\/media-liquid.de\/index.php?rest_route=%2Fwp%2Fv2%2Fcomments&post=1323"}],"version-history":[{"count":7,"href":"http:\/\/media-liquid.de\/index.php?rest_route=\/wp\/v2\/posts\/1323\/revisions"}],"predecessor-version":[{"id":1643,"href":"http:\/\/media-liquid.de\/index.php?rest_route=\/wp\/v2\/posts\/1323\/revisions\/1643"}],"wp:featuredmedia":[{"embeddable":true,"href":"http:\/\/media-liquid.de\/index.php?rest_route=\/wp\/v2\/media\/1642"}],"wp:attachment":[{"href":"http:\/\/media-liquid.de\/index.php?rest_route=%2Fwp%2Fv2%2Fmedia&parent=1323"}],"wp:term":[{"taxonomy":"category","embeddable":true,"href":"http:\/\/media-liquid.de\/index.php?rest_route=%2Fwp%2Fv2%2Fcategories&post=1323"},{"taxonomy":"post_tag","embeddable":true,"href":"http:\/\/media-liquid.de\/index.php?rest_route=%2Fwp%2Fv2%2Ftags&post=1323"}],"curies":[{"name":"wp","href":"https:\/\/api.w.org\/{rel}","templated":true}]}}